[{"@context":"https:\/\/schema.org\/","@type":"Article","@id":"https:\/\/www.univel.cz\/vyuzijte-moznost-vypujceni\/#Article","mainEntityOfPage":"https:\/\/www.univel.cz\/vyuzijte-moznost-vypujceni\/","headline":"Vyu\u017eijte mo\u017enost vyp\u016fj\u010den\u00ed","name":"Vyu\u017eijte mo\u017enost vyp\u016fj\u010den\u00ed","description":"Do\u0161lo ve va\u0161\u00ed firm\u011b k v\u00fdpadku proudu, a vy nev\u00edte, jak m\u00e1te vzniklou situaci \u0159e\u0161it, proto\u017ee pot\u0159ebujete m\u00edt v provozu &hellip; <a href=\"https:\/\/www.univel.cz\/vyuzijte-moznost-vypujceni\/\" class=\"more-link\"><span class=\"more-button\">P\u0159e\u010d\u00edst p\u0159\u00edsp\u011bvek<span class=\"screen-reader-text\">Vyu\u017eijte mo\u017enost vyp\u016fj\u010den\u00ed<\/span><\/span><\/a>","datePublished":"2024-12-27","dateModified":"2024-12-27","author":{"@type":"Person","@id":"https:\/\/www.univel.cz\/author\/#Person","name":"","url":"https:\/\/www.univel.cz\/author\/","identifier":1,"image":{"@type":"ImageObject","@id":"https:\/\/secure.gravatar.com\/avatar\/1fa5b1cbc0125795815d9e30ef12b8bb9be5d358eed11aa2085a8d203d3da2ed?s=96&d=mm&r=g","url":"https:\/\/secure.gravatar.com\/avatar\/1fa5b1cbc0125795815d9e30ef12b8bb9be5d358eed11aa2085a8d203d3da2ed?s=96&d=mm&r=g","height":96,"width":96}},"publisher":{"@type":"Organization","name":"univel.cz","logo":{"@type":"ImageObject","@id":"\/logo.png","url":"\/logo.png","width":600,"height":60}},"url":"https:\/\/www.univel.cz\/vyuzijte-moznost-vypujceni\/","wordCount":233,"articleBody":"Do\u0161lo ve va\u0161\u00ed firm\u011b k v\u00fdpadku proudu, a vy nev\u00edte, jak m\u00e1te vzniklou situaci \u0159e\u0161it, proto\u017ee pot\u0159ebujete m\u00edt v provozu hromadu r\u016fzn\u00fdch d\u016fle\u017eit\u00fdch stroj\u016f? Prvn\u011b byste m\u011bli zavolat na pohotovostn\u00ed linku, kde v\u00e1m \u0159eknou v\u00edce a kde v\u00e1m porad\u00ed. N\u00e1sledn\u011b k v\u00e1m bude doru\u010den gener\u00e1tor proudu, kter\u00fd se postar\u00e1 o to, \u017ee va\u0161e stroje budou moci d\u00e1le pracovat, a to bez omezen\u00ed. Bude to mo\u017en\u00e9 do t\u00e9 doby, ne\u017e op\u011bt dojde ke zprovozn\u011bn\u00ed dan\u00e9 rozvodn\u00e9 s\u00edt\u011b. Ur\u010dit\u011b se v\u00e1m tedy vyplat\u00ed v takov\u00e9to situaci zainvestovat do vyp\u016fj\u010den\u00ed, ne\u017e se pokou\u0161et hledat dal\u0161\u00ed obdobn\u00e1 \u0159e\u0161en\u00ed, kter\u00e1 ale nejsou tak pohodln\u00e1 a efektivn\u00ed. V\u00fdborn\u00fd technick\u00fd stav Ve\u0161ker\u00e9 elektrocentr\u00e1ly, kter\u00e9 si m\u016f\u017eete pronajmout, jsou v technicky bezvadn\u00e9m stavu. Je mo\u017en\u00e9 si je kdykoliv zap\u016fj\u010dit bez jak\u00fdchkoliv obav, jestli bude v\u0161echno v po\u0159\u00e1dku. Samoz\u0159ejm\u011b, \u017ee bude, odborn\u00edci se o to mohou postarat. Pron\u00e1jem elektrocentr\u00e1ly bude tedy naprosto bez rizika, pokud se tedy obr\u00e1t\u00edte na ty nejlep\u0161\u00ed ve sv\u00e9 oblasti. Kdo jin\u00fd by v\u00e1m mohl vyj\u00edt vst\u0159\u00edc v\u00edce, ne\u017e profesion\u00e1lov\u00e9, kte\u0159\u00ed se \u0159ad\u00ed k t\u011bm nejlep\u0161\u00edm v \u010cesku?                                                                                                                                                                                                                                                                                                                                                                                        4.7\/5 - (3 votes)        "},{"@context":"https:\/\/schema.org\/","@type":"BreadcrumbList","itemListElement":[{"@type":"ListItem","position":1,"name":"Vyu\u017eijte mo\u017enost vyp\u016fj\u010den\u00ed","item":"https:\/\/www.univel.cz\/vyuzijte-moznost-vypujceni\/#breadcrumbitem"}]}]