[{"@context":"https:\/\/schema.org\/","@type":"Article","@id":"https:\/\/www.univel.cz\/ridicak-a-zavesne-zarizeni-mohou-byt-vasim-listkem-ke-svobode\/#Article","mainEntityOfPage":"https:\/\/www.univel.cz\/ridicak-a-zavesne-zarizeni-mohou-byt-vasim-listkem-ke-svobode\/","headline":"\u0158idi\u010d\u00e1k a z\u00e1v\u011bsn\u00e9 za\u0159\u00edzen\u00ed mohou b\u00fdt va\u0161\u00edm l\u00edstkem ke svobod\u011b","name":"\u0158idi\u010d\u00e1k a z\u00e1v\u011bsn\u00e9 za\u0159\u00edzen\u00ed mohou b\u00fdt va\u0161\u00edm l\u00edstkem ke svobod\u011b","description":"P\u0159edstavte si, \u017ee byste sv\u016fj \u017eivot ze dne na den za\u010dali \u0159\u00eddit jen vy sami. Anebo \u017ee byste alespo\u0148 na &hellip; <a href=\"https:\/\/www.univel.cz\/ridicak-a-zavesne-zarizeni-mohou-byt-vasim-listkem-ke-svobode\/\" class=\"more-link\"><span class=\"more-button\">P\u0159e\u010d\u00edst p\u0159\u00edsp\u011bvek<span class=\"screen-reader-text\">\u0158idi\u010d\u00e1k a z\u00e1v\u011bsn\u00e9 za\u0159\u00edzen\u00ed mohou b\u00fdt va\u0161\u00edm l\u00edstkem ke svobod\u011b<\/span><\/span><\/a>","datePublished":"2017-11-20","dateModified":"2023-05-15","author":{"@type":"Person","@id":"https:\/\/www.univel.cz\/author\/#Person","name":"","url":"https:\/\/www.univel.cz\/author\/","identifier":1,"image":{"@type":"ImageObject","@id":"https:\/\/secure.gravatar.com\/avatar\/1fa5b1cbc0125795815d9e30ef12b8bb9be5d358eed11aa2085a8d203d3da2ed?s=96&d=mm&r=g","url":"https:\/\/secure.gravatar.com\/avatar\/1fa5b1cbc0125795815d9e30ef12b8bb9be5d358eed11aa2085a8d203d3da2ed?s=96&d=mm&r=g","height":96,"width":96}},"publisher":{"@type":"Organization","name":"univel.cz","logo":{"@type":"ImageObject","@id":"\/logo.png","url":"\/logo.png","width":600,"height":60}},"image":{"@type":"ImageObject","@id":"https:\/\/www.univel.cz\/wp-content\/uploads\/img_a303077_w1693_t1513233948.jpg","url":"https:\/\/www.univel.cz\/wp-content\/uploads\/img_a303077_w1693_t1513233948.jpg","height":0,"width":0},"url":"https:\/\/www.univel.cz\/ridicak-a-zavesne-zarizeni-mohou-byt-vasim-listkem-ke-svobode\/","about":["Nakupov\u00e1n\u00ed"],"wordCount":447,"articleBody":"      P\u0159edstavte si, \u017ee byste sv\u016fj \u017eivot ze dne na den za\u010dali \u0159\u00eddit jen vy sami. Anebo \u017ee byste alespo\u0148 na n\u011bkolik dn\u00ed t\u0159\u00edmali ot\u011b\u017ee sv\u00e9 budoucnosti ve vlastn\u00edch ruk\u00e1ch. Ale jist\u011b, i to je mo\u017en\u00e9, jen to chce kus skute\u010dn\u00e9 odvahy a b\u00fdt pevn\u011b p\u0159esv\u011bd\u010den o tom, \u017ee je to pro v\u00e1s ta nejlep\u0161\u00ed mo\u017en\u00e1 cesta. A je t\u0159eba po\u010d\u00edtat i s t\u00edm, \u017ee v\u00e1\u0161 prvn\u00ed krok bude obrovsk\u00fdm skokem do nezn\u00e1ma, co\u017e ne ka\u017ed\u00fd \u010dlov\u011bk zvl\u00e1dne. To, co je pro n\u011bkoho maxim\u00e1ln\u011b l\u00e1kav\u00e1 a vzru\u0161uj\u00edc\u00ed p\u0159edstava, m\u016f\u017ee n\u011bkomu zp\u016fsobit velikou z\u00e1vra\u0165. Nicm\u00e9n\u011b alespo\u0148 na chv\u00edli vybo\u010dit ze sv\u00e9 zab\u011bhan\u00e9 cesty prosp\u011bje ka\u017ed\u00e9mu z n\u00e1s.A pro ty, kte\u0159\u00ed se nec\u00edt\u00ed b\u00fdt dostate\u010dn\u011b siln\u00ed, aby od z\u00e1kladu p\u0159estav\u011bli sv\u016fj \u017eivot je tady k dispozici odleh\u010den\u00e1 varianta \u2013 sta\u010d\u00ed ud\u011blat alespo\u0148 malou zm\u011bnu v dob\u011b, kdy budete m\u00edt dovolenou, a uvid\u00edte, \u017ee to bude zm\u011bna, kter\u00e1 v\u00e1s skute\u010dn\u011b osv\u011b\u017e\u00ed. A t\u0159eba v\u00e1s v budoucnosti nakopne i k dal\u0161\u00edmu pokra\u010dov\u00e1n\u00ed.U\u017e\u00edt si takovou svobodnou dovolenou nen\u00ed nic slo\u017eit\u00e9ho. M\u016f\u017ee to vyzkou\u0161et ka\u017ed\u00fd, kdo vlastn\u00ed osobn\u00ed automobil anebo alespo\u0148 \u0159idi\u010dsk\u00e9 opr\u00e1vn\u011bn\u00ed. V\u0161e ostatn\u00ed si toti\u017e m\u016f\u017eete p\u016fj\u010dit. Tak\u017ee se vybavte automobilem, kter\u00fd m\u00e1 k dispozici z\u00e1v\u011bsn\u00e9 za\u0159\u00edzen\u00ed a va\u0161e velk\u00e1 j\u00edzda m\u016f\u017ee za\u010d\u00edt. Za z\u00e1v\u011bsn\u00e9 za\u0159\u00edzen\u00ed toti\u017e snadno p\u0159ipevn\u00edte karavan, co\u017e bude na n\u011bkolik n\u00e1sleduj\u00edc\u00edch dn\u00ed v\u00e1\u0161 poj\u00edzdn\u00fd domov na kole\u010dk\u00e1ch.D\u00edky n\u011bmu m\u016f\u017eete vyzkou\u0161et to, o \u010dem jste doposud jen snili anebo to, co v\u00e1s doposud ani nenapadlo. Sta\u010d\u00ed naplnit n\u00e1dr\u017e a oto\u010dit kl\u00ed\u010dky a m\u016f\u017eete se vydat kamkoli v\u00e1s va\u0161e nohy ponesou. M\u016f\u017eete jet po osv\u011bd\u010den\u00fdch tras\u00e1ch anebo cestou necestou, m\u016f\u017eete jet daleko anebo jen o p\u00e1r des\u00edtek kilometr\u016f d\u00e1le, ne\u017e jste byli doposud zvykl\u00ed. Jist\u00e9 v\u0161ak je, \u017ee a\u0165 u\u017e budete kdekoli, budete tam m\u00edt dostate\u010dn\u00e9 z\u00e1zem\u00ed k tomu, abyste si to tam u\u017eili. Tak\u017ee u\u017e ani chv\u00edli nev\u00e1hejte a u\u017eijte si n\u011bkolik dn\u00ed skute\u010dn\u00e9 svobody a je\u010fte tam, kde v\u00e1s t\u00e1hne va\u0161e srdce, nikoli rozum.                                                                                                                                                                                                                                                                                                                                                                                          4.1\/5 - (7 votes)        "},{"@context":"https:\/\/schema.org\/","@type":"BreadcrumbList","itemListElement":[{"@type":"ListItem","position":1,"name":"\u0158idi\u010d\u00e1k a z\u00e1v\u011bsn\u00e9 za\u0159\u00edzen\u00ed mohou b\u00fdt va\u0161\u00edm l\u00edstkem ke svobod\u011b","item":"https:\/\/www.univel.cz\/ridicak-a-zavesne-zarizeni-mohou-byt-vasim-listkem-ke-svobode\/#breadcrumbitem"}]}]