[{"@context":"https:\/\/schema.org\/","@type":"Article","@id":"https:\/\/www.univel.cz\/proc-je-vlastne-tak-malo-technicky-zalozenych-lidi\/#Article","mainEntityOfPage":"https:\/\/www.univel.cz\/proc-je-vlastne-tak-malo-technicky-zalozenych-lidi\/","headline":"Pro\u010d je vlastn\u011b tak m\u00e1lo technicky zalo\u017een\u00fdch lid\u00ed?","name":"Pro\u010d je vlastn\u011b tak m\u00e1lo technicky zalo\u017een\u00fdch lid\u00ed?","description":"N\u011bkte\u0159\u00ed \u0159\u00edkaj\u00ed, \u017ee je to hlavn\u011b kv\u016fli tomu, \u017ee d\u011bti jenom sed\u00ed u po\u010d\u00edta\u010d\u016f a o star\u00e9 dobr\u00e9 klad\u00edvko nemaj\u00ed &hellip; <a href=\"https:\/\/www.univel.cz\/proc-je-vlastne-tak-malo-technicky-zalozenych-lidi\/\" class=\"more-link\"><span class=\"more-button\">P\u0159e\u010d\u00edst p\u0159\u00edsp\u011bvek<span class=\"screen-reader-text\">Pro\u010d je vlastn\u011b tak m\u00e1lo technicky zalo\u017een\u00fdch lid\u00ed?<\/span><\/span><\/a>","datePublished":"2020-09-01","dateModified":"2023-05-15","author":{"@type":"Person","@id":"https:\/\/www.univel.cz\/author\/#Person","name":"","url":"https:\/\/www.univel.cz\/author\/","identifier":1,"image":{"@type":"ImageObject","@id":"https:\/\/secure.gravatar.com\/avatar\/1fa5b1cbc0125795815d9e30ef12b8bb9be5d358eed11aa2085a8d203d3da2ed?s=96&d=mm&r=g","url":"https:\/\/secure.gravatar.com\/avatar\/1fa5b1cbc0125795815d9e30ef12b8bb9be5d358eed11aa2085a8d203d3da2ed?s=96&d=mm&r=g","height":96,"width":96}},"publisher":{"@type":"Organization","name":"univel.cz","logo":{"@type":"ImageObject","@id":"\/logo.png","url":"\/logo.png","width":600,"height":60}},"image":{"@type":"ImageObject","@id":"https:\/\/www.univel.cz\/wp-content\/uploads\/img_a320300_w2245_t1531514806.jpg","url":"https:\/\/www.univel.cz\/wp-content\/uploads\/img_a320300_w2245_t1531514806.jpg","height":0,"width":0},"url":"https:\/\/www.univel.cz\/proc-je-vlastne-tak-malo-technicky-zalozenych-lidi\/","about":["Finance"],"wordCount":504,"articleBody":"\tN\u011bkte\u0159\u00ed \u0159\u00edkaj\u00ed, \u017ee je to hlavn\u011b kv\u016fli tomu, \u017ee d\u011bti jenom sed\u00ed u po\u010d\u00edta\u010d\u016f a o star\u00e9 dobr\u00e9 klad\u00edvko nemaj\u00ed v\u016fbec z\u00e1jem. Ty po\u010d\u00edta\u010de bychom m\u011bli v\u0161echny zak\u00e1zat a bylo by. \u010ci \u017ee snad \u0161kola by m\u011bla vyu\u010dovat d\u00edlny, aby d\u011bti alespo\u0148 v&nbsp;t\u00e9 \u0161kole motivovali k&nbsp;n\u011bjak\u00e9 manu\u00e1ln\u00ed \u010dinnosti, proto\u017ee doma se s&nbsp;t\u00edm o\u010dividn\u011b nesetkaj\u00ed. Ale te\u010f v\u00e1\u017en\u011b.\t\t&nbsp;\t\tUplatn\u011bn\u00ed pracovn\u00edLid\u00e9 zkr\u00e1tka vid\u00ed, \u017ee i kdyby tedy na ten technick\u00fd obor \u0161li, tak by d\u011blali za \u0161patn\u00e9 pen\u00edze ve \u0161patn\u00e9 fabrice a dopadli by stejn\u011b jako jejich d\u011blni\u010dt\u00ed rodi\u010de. A to nikdo nechce. Ka\u017ed\u00fd se chce m\u00edt dob\u0159e, a tak studuje to, o \u010dem si mysl\u00ed, \u017ee mu vynese to dob\u0159e placen\u00e9 m\u00edsto, by\u0165 by m\u011bl jak \u010dlov\u011bk talent na \u0159ezba\u0159inu nebo z\u00e1me\u010dnictv\u00ed \u010di n\u011bco podobn\u00e9ho. Uplatn\u011bn\u00ed je mizern\u00e9 a nikdo s&nbsp;t\u00edm nechce nic d\u011blat, tedy alespo\u0148 zam\u011bstnavatel ne, proto\u017ee ten by musel zvednout platy a d\u00e1t tam v\u00fdhody, jak\u00e9 maj\u00ed v\u0161ude jinde v&nbsp;zahrani\u010d\u00ed, a to se tedy velk\u00fdm firm\u00e1m, kter\u00e9 hlavn\u011b lobuj\u00ed za &bdquo;novou krev&ldquo;, nijak nel\u00edb\u00ed.&nbsp;\t\tNez\u00e1jemTy star\u00e9 dobr\u00e9 a kr\u00e1sn\u00e9 \u010dasy &bdquo;poctiv\u00e9&ldquo; pr\u00e1ce u\u017e jsou d\u00e1vno pry\u010d. To je t\u0159eba si uv\u011bdomit ze v\u0161eho nejd\u0159\u00edve. Sv\u011bt se m\u011bn\u00ed a nelze se jen neust\u00e1le uk\u00e1jet t\u011b\u017ek\u00fdm pr\u016fmyslem a d\u011blnickou t\u0159\u00eddou, tyhle hr\u00e1tky s&nbsp;dr\u00e1tky byly od za\u010d\u00e1tku devaten\u00e1ct\u00e9ho stolet\u00ed a\u017e po dnes a pomalu to kon\u010d\u00ed. A jde to vid\u011bt i na tom trhu. By\u0165 o \u0159emesln\u00edky je st\u00e1le velk\u00fd z\u00e1jem, na spoust\u011b \u0161kol\u00e1ch se vyu\u010duje &bdquo;starou&ldquo; metodou a nelze to v\u016fbec student\u016fm zazl\u00edvat, \u017ee se jim tam nechce. Pro\u010d by se oni m\u011bli u\u010dit to, co se u\u010dili n\u011bkdy p\u0159ed t\u0159iceti lety, kdy\u017e technologie pokro\u010dila?&nbsp;\t\tN\u00e1hled st\u00e1tuU\u017e jen to, \u017ee se v\u0161ichni mohou zbl\u00e1znit do maturity, by\u0165 se jedn\u00e1 o d\u011blnick\u00e9 pozice, tak je jenom n\u00e1znak toho, \u017ee se vlastn\u011b jedn\u00e1 o selh\u00e1n\u00ed v&nbsp;tom nejhrub\u0161\u00edm zrnu. Pro\u010d by se student technick\u00e9ho oboru m\u011bl zaob\u00edrat n\u011bjakou maturitou? K&nbsp;\u010demu jako tomu \u010dlov\u011bku, kter\u00fd pracuje rukama a m\u00e1 v\u0161echny v\u00fdpo\u010dty p\u011bkn\u011b v&nbsp;hlav\u011b, k&nbsp;\u010demu mu bude n\u011bjak\u00fd okruh spisovatel\u016f romantismu nebo na co by mu tak asi byla maturita z&nbsp;d\u011bjepisu? K&nbsp;ni\u010demu a proto to nikdo studovat nechce &ndash; to je lep\u0161\u00ed rad\u011bji fakt p\u0159e\u017e\u00edt to gymn\u00e1zium.                                                                                                                                                                                                                                                                                                                                                                                        4.5\/5 - (15 votes)        "},{"@context":"https:\/\/schema.org\/","@type":"BreadcrumbList","itemListElement":[{"@type":"ListItem","position":1,"name":"Pro\u010d je vlastn\u011b tak m\u00e1lo technicky zalo\u017een\u00fdch lid\u00ed?","item":"https:\/\/www.univel.cz\/proc-je-vlastne-tak-malo-technicky-zalozenych-lidi\/#breadcrumbitem"}]}]