[{"@context":"https:\/\/schema.org\/","@type":"Article","@id":"https:\/\/www.univel.cz\/pozor-na-dodrzovani-lecebneho-rezimu\/#Article","mainEntityOfPage":"https:\/\/www.univel.cz\/pozor-na-dodrzovani-lecebneho-rezimu\/","headline":"Pozor na dodr\u017eov\u00e1n\u00ed l\u00e9\u010debn\u00e9ho re\u017eimu","name":"Pozor na dodr\u017eov\u00e1n\u00ed l\u00e9\u010debn\u00e9ho re\u017eimu","description":"Pracovn\u00ed neschopnost v\u011bt\u0161ina lid\u00ed z\u00e1m\u011brn\u011b nevyhled\u00e1v\u00e1, nemoc toti\u017e pro nikoho nen\u00ed p\u0159\u00edjemnou z\u00e1le\u017eitost\u00ed. Pracuj\u00edc\u00ed \u010dlov\u011bk je pak donucen se zastavit, &hellip; <a href=\"https:\/\/www.univel.cz\/pozor-na-dodrzovani-lecebneho-rezimu\/\" class=\"more-link\"><span class=\"more-button\">P\u0159e\u010d\u00edst p\u0159\u00edsp\u011bvek<span class=\"screen-reader-text\">Pozor na dodr\u017eov\u00e1n\u00ed l\u00e9\u010debn\u00e9ho re\u017eimu<\/span><\/span><\/a>","datePublished":"2020-09-24","dateModified":"2023-05-15","author":{"@type":"Person","@id":"https:\/\/www.univel.cz\/author\/#Person","name":"","url":"https:\/\/www.univel.cz\/author\/","identifier":1,"image":{"@type":"ImageObject","@id":"https:\/\/secure.gravatar.com\/avatar\/1fa5b1cbc0125795815d9e30ef12b8bb9be5d358eed11aa2085a8d203d3da2ed?s=96&d=mm&r=g","url":"https:\/\/secure.gravatar.com\/avatar\/1fa5b1cbc0125795815d9e30ef12b8bb9be5d358eed11aa2085a8d203d3da2ed?s=96&d=mm&r=g","height":96,"width":96}},"publisher":{"@type":"Organization","name":"univel.cz","logo":{"@type":"ImageObject","@id":"\/logo.png","url":"\/logo.png","width":600,"height":60}},"image":{"@type":"ImageObject","@id":"https:\/\/www.univel.cz\/wp-content\/uploads\/img_a298255_w2082_t1508601289.jpg","url":"https:\/\/www.univel.cz\/wp-content\/uploads\/img_a298255_w2082_t1508601289.jpg","height":0,"width":0},"url":"https:\/\/www.univel.cz\/pozor-na-dodrzovani-lecebneho-rezimu\/","about":["Finance"],"wordCount":503,"articleBody":"Pracovn\u00ed neschopnost v\u011bt\u0161ina lid\u00ed z\u00e1m\u011brn\u011b nevyhled\u00e1v\u00e1, nemoc toti\u017e pro nikoho nen\u00ed p\u0159\u00edjemnou z\u00e1le\u017eitost\u00ed. Pracuj\u00edc\u00ed \u010dlov\u011bk je pak donucen se zastavit, odpo\u010d\u00edvat a l\u00e9\u010dit to, co je v&nbsp;danou chv\u00edli pot\u0159eba. Je zn\u00e1mo, \u017ee u pracovn\u00ed neschopnosti je p\u0159\u00edjem ni\u017e\u0161\u00ed a proto je motivac\u00ed ka\u017ed\u00e9ho, vr\u00e1tit se co nejd\u0159\u00edve op\u011bt do zam\u011bstn\u00e1n\u00ed. Ne v\u017edy je to v\u0161ak mo\u017en\u00e9 a mnohdy to ani neovlivn\u00edme.Po dobu pracovn\u00ed neschopnosti m\u00e1me povinnost zdr\u017eovat se doma, tedy v&nbsp;m\u00edst\u011b na\u0161eho trval\u00e9ho bydli\u0161t\u011b, p\u0159\u00edpadn\u011b jinde, ov\u0161em adresu mus\u00ed n\u00e1\u0161 l\u00e9ka\u0159 nahl\u00e1sit Okresn\u00ed spr\u00e1v\u011b soci\u00e1ln\u00edho zabezpe\u010den\u00ed. U dlouhodob\u00fdch pracovn\u00edch neschopnost\u00ed, nebo u t\u011bch, u nich\u017e nen\u00ed pot\u0159eba soustavn\u011b le\u017eet \u010di odpo\u010d\u00edvat, m\u016f\u017ee o\u0161et\u0159uj\u00edc\u00ed l\u00e9ka\u0159 napsat takzvan\u00e9 vych\u00e1zky. Jedn\u00e1 se maxim\u00e1ln\u011b o \u0161est hodin denn\u011b v&nbsp;dopoledn\u00edch, \u010di odpoledn\u00edch hodin\u00e1ch, v\u00fdb\u011br je v\u011bt\u0161inou dle na\u0161eho p\u0159\u00e1n\u00ed, ov\u0161em je pevn\u011b dan\u00fd a nem\u011bnn\u00fd.Nem\u016f\u017eeme si tedy vyj\u00edt na vych\u00e1zku jeden den r\u00e1no a druh\u00fd odpoledne. V\u0161echny informace, jak o m\u00edst\u011b na\u0161eho pobytu, tak o vych\u00e1zk\u00e1ch m\u00e1 k&nbsp;dispozici Okresn\u00ed spr\u00e1va soci\u00e1ln\u00edho zabezpe\u010den\u00ed a to tak\u00e9 z&nbsp;toho d\u016fvodu, \u017ee m\u016f\u017ee prov\u00e9st kontrolu dodr\u017eov\u00e1n\u00ed l\u00e9\u010debn\u00e9ho re\u017eimu.Pracovn\u00edci tak u v\u00e1s doma mohou zazvonit jak b\u011bhem v\u0161edn\u00edho dne, tak i o v\u00edkendu a tak\u00e9 ve ve\u010dern\u00edch hodin\u00e1ch. Va\u0161\u00ed povinnost\u00ed je tuto kontrolu umo\u017enit. V&nbsp;p\u0159\u00edpad\u011b, \u017ee se vyskytne probl\u00e9m a vy nebudete zasti\u017eeni, hroz\u00ed v\u00e1m kr\u00e1cen\u00ed, nebo odejmut\u00ed nemocensk\u00e9 d\u00e1vky.O tom, \u017ee n\u00e1v\u0161t\u011bva v&nbsp;bydli\u0161ti prob\u011bhla a nezastihla v\u00e1s, zjist\u00edte prost\u0159ednictv\u00edm vyrozum\u011bn\u00ed, kter\u00e9 by se m\u011blo nach\u00e1zet ve va\u0161\u00ed schr\u00e1nce a to ihned po odchodu kontroly. Va\u0161\u00ed povinnost\u00ed pak bude kontaktovat p\u0159\u00edslu\u0161nou Okresn\u00ed spr\u00e1vu a vysv\u011btlit d\u016fvod nedodr\u017een\u00ed l\u00e9\u010debn\u00e9ho re\u017eimu. N\u00e1sledn\u011b bude vyhodnoceno, zda se jednalo o opu\u0161t\u011bn\u00ed bydli\u0161t\u011b opr\u00e1vn\u011bn\u011b, nap\u0159\u00edklad za \u00fa\u010delem akutn\u00ed n\u00e1v\u0161t\u011bvy l\u00e9ka\u0159e, co\u017e je ov\u0161em pot\u0159eba dolo\u017eit, nebo neopr\u00e1vn\u011bn\u011b a pak budete sankcionov\u00e1ni.Kontrola m\u016f\u017ee b\u00fdt n\u00e1hodn\u00e1, ale tak\u00e9 z\u00e1m\u011brn\u00e1, kdy\u017e o ni nap\u0159\u00edklad po\u017e\u00e1d\u00e1 v\u00e1\u0161 zam\u011bstnavatel, nebo o\u0161et\u0159uj\u00edc\u00ed l\u00e9ka\u0159.Kr\u00e1cen\u00ed nemocensk\u00e9, nebo jej\u00ed odejmut\u00ed tak nemus\u00ed b\u00fdt citeln\u00e9 pouze, co se t\u00fdk\u00e1 va\u0161\u00ed pen\u011b\u017eenky, ale m\u016f\u017eete si zad\u011blat i na po\u0159\u00e1dn\u00fd probl\u00e9m u sv\u00e9ho zam\u011bstnavatele.                                                                                                                                                                                                                                                                                                                                                                                        4\/5 - (11 votes)        "},{"@context":"https:\/\/schema.org\/","@type":"BreadcrumbList","itemListElement":[{"@type":"ListItem","position":1,"name":"Pozor na dodr\u017eov\u00e1n\u00ed l\u00e9\u010debn\u00e9ho re\u017eimu","item":"https:\/\/www.univel.cz\/pozor-na-dodrzovani-lecebneho-rezimu\/#breadcrumbitem"}]}]