[{"@context":"https:\/\/schema.org\/","@type":"Article","@id":"https:\/\/www.univel.cz\/necekejte-az-uderi-vlna-veder\/#Article","mainEntityOfPage":"https:\/\/www.univel.cz\/necekejte-az-uderi-vlna-veder\/","headline":"Ne\u010dekejte, a\u017e ude\u0159\u00ed vlna veder","name":"Ne\u010dekejte, a\u017e ude\u0159\u00ed vlna veder","description":"Bl\u00ed\u017e\u00edc\u00ed se vlny veder v letn\u00edm obdob\u00ed p\u016fsob\u00ed na n\u011bkter\u00e9 z n\u00e1s jako velmi nep\u0159\u00edjemn\u00e1 skute\u010dnost. Zejm\u00e9na lid\u00e9 d\u0159\u00edve narozen\u00ed &hellip; <a href=\"https:\/\/www.univel.cz\/necekejte-az-uderi-vlna-veder\/\" class=\"more-link\"><span class=\"more-button\">P\u0159e\u010d\u00edst p\u0159\u00edsp\u011bvek<span class=\"screen-reader-text\">Ne\u010dekejte, a\u017e ude\u0159\u00ed vlna veder<\/span><\/span><\/a>","datePublished":"2022-07-08","dateModified":"2023-05-15","author":{"@type":"Person","@id":"https:\/\/www.univel.cz\/author\/#Person","name":"","url":"https:\/\/www.univel.cz\/author\/","identifier":1,"image":{"@type":"ImageObject","@id":"https:\/\/secure.gravatar.com\/avatar\/1fa5b1cbc0125795815d9e30ef12b8bb9be5d358eed11aa2085a8d203d3da2ed?s=96&d=mm&r=g","url":"https:\/\/secure.gravatar.com\/avatar\/1fa5b1cbc0125795815d9e30ef12b8bb9be5d358eed11aa2085a8d203d3da2ed?s=96&d=mm&r=g","height":96,"width":96}},"publisher":{"@type":"Organization","name":"univel.cz","logo":{"@type":"ImageObject","@id":"\/logo.png","url":"\/logo.png","width":600,"height":60}},"image":{"@type":"ImageObject","@id":"https:\/\/www.univel.cz\/wp-content\/uploads\/oilseed-rape-2135026_640.jpg","url":"https:\/\/www.univel.cz\/wp-content\/uploads\/oilseed-rape-2135026_640.jpg","height":0,"width":0},"url":"https:\/\/www.univel.cz\/necekejte-az-uderi-vlna-veder\/","about":["D\u016fm a zahrada"],"wordCount":398,"articleBody":"   Bl\u00ed\u017e\u00edc\u00ed se vlny veder v letn\u00edm obdob\u00ed p\u016fsob\u00ed na n\u011bkter\u00e9 z n\u00e1s jako velmi nep\u0159\u00edjemn\u00e1 skute\u010dnost. Zejm\u00e9na lid\u00e9 d\u0159\u00edve narozen\u00ed anebo chronicky nemocn\u00ed velmi \u0161patn\u011b sn\u00e1\u0161\u00ed toto obdob\u00ed a sna\u017e\u00ed se r\u016fzn\u00fdmi zp\u016fsoby vypom\u00e1hat, aby jej p\u0159e\u010dkali bez \u00fahony. Je zn\u00e1mo, \u017ee nejhor\u0161\u00ed jsou letn\u00ed vedra v\u017edy tam, kde je m\u00e1lo zelen\u011b, a kde p\u0159eva\u017euje \u201ebetonov\u00e1 d\u017eungle\u201c, tedy zejm\u00e9na v m\u011bstsk\u00e9 z\u00e1stav\u011b \u010di v pr\u016fmyslov\u00fdch oblastech. Naopak nejl\u00e9pe jsou na tom lid\u00e9, \u017eij\u00edc\u00ed na hor\u00e1ch, na polosamot\u00e1ch a v odlehl\u00fdch kon\u010din\u00e1ch, p\u0159\u00edpadn\u011b v rekrea\u010dn\u00edch oblastech n\u011bkde u vody. Vodn\u00ed rezervo\u00e1ry nav\u00edc podporuj\u00ed ionizaci vzduchu a dostatek z\u00e1porn\u00fdch iont\u016f velmi usnad\u0148uje zvl\u00e1d\u00e1n\u00ed n\u00e1r\u016fstu denn\u00edch teplot.Po\u0159i\u010fte si mobiln\u00ed d\u0159evostavbuLetn\u00ed vedra lze tak\u00e9 sn\u00e1ze p\u0159ekonat v mobiln\u00edch d\u0159evostavb\u00e1ch. M\u016f\u017eete je osadit klimatizac\u00ed, ale mnohdy to ani nen\u00ed nutn\u00e9 vzhledem k tomu, \u017ee lze mobilheim z Prahy https:\/\/www.top-mobilnidomy.cz\/ um\u00edstit v lokalit\u00e1ch, kde je dostatek vzrostl\u00fdch strom\u016f, na okraji lesa, kter\u00e9 objekt st\u00edn\u00ed a chr\u00e1n\u00ed p\u0159ed p\u0159\u00edm\u00fdm sluncem. N\u011bkte\u0159\u00ed lid\u00e9 dokonce mobiln\u00ed domy nech\u00e1vaj\u00ed um\u00edstit v m\u00edst\u011b star\u00e9 d\u0159ev\u011bn\u00e9 sezonn\u011b obyvateln\u00e9 chaty a \u017eij\u00ed tu natrvalo, i v zimn\u00edch m\u011bs\u00edc\u00edch.Zahrada u mobiln\u00edho domu m\u016f\u017ee zastoupit klimatizaciPokud nechcete utr\u00e1cet pen\u00edze za klimatizaci, m\u016f\u017eete situaci \u0159e\u0161it \u010dast\u00fdm pobytem na zahrad\u011b. Tu lze vylep\u0161it alt\u00e1nem nebo pergolou \u010di jin\u00fdm kryt\u00fdm p\u0159\u00edst\u0159e\u0161kem, kde se v\u00e1m bude dob\u0159e odpo\u010d\u00edvat a \u010derpat energii z okoln\u00edho prost\u0159ed\u00ed. Uv\u011bdomte si, \u017ee nejv\u00edce energie z\u00edsk\u00e1v\u00e1me z p\u0159\u00edrody, z okoln\u00edho prost\u0159ed\u00ed pln\u00e9ho zelen\u011b, zejm\u00e9na ze vzrostl\u00fdch strom\u016f, a \u017ee energie se n\u00e1m naopak nedost\u00e1v\u00e1 ve m\u011bstech, kde je p\u0159\u00edli\u0161 mnoho z\u00e1stavby.Jin\u00fdmi slovy, jste-li obklopeni \u017eivouc\u00ed energi\u00ed rostlin, zvl\u00e1dnete mnohem l\u00e9pe vy\u0161\u0161\u00ed letn\u00ed teploty i tehdy, nejste-li zrovna ov\u00edv\u00e1ni studen\u00fdm vzduchem z ventil\u00e1toru supermodern\u00ed, v\u00fdkonn\u00e9 splitov\u00e9 klimatizace.                                                                                                                                                                                                                                                                                                                                                                                          4.7\/5 - (7 votes)        "},{"@context":"https:\/\/schema.org\/","@type":"BreadcrumbList","itemListElement":[{"@type":"ListItem","position":1,"name":"Ne\u010dekejte, a\u017e ude\u0159\u00ed vlna veder","item":"https:\/\/www.univel.cz\/necekejte-az-uderi-vlna-veder\/#breadcrumbitem"}]}]