[{"@context":"https:\/\/schema.org\/","@type":"Article","@id":"https:\/\/www.univel.cz\/hledate-svatebni-saty-ktere-vam-padnou\/#Article","mainEntityOfPage":"https:\/\/www.univel.cz\/hledate-svatebni-saty-ktere-vam-padnou\/","headline":"Hled\u00e1te svatebn\u00ed \u0161aty, kter\u00e9 v\u00e1m padnou?","name":"Hled\u00e1te svatebn\u00ed \u0161aty, kter\u00e9 v\u00e1m padnou?","description":"Svatba pro v\u011bt\u0161inu p\u00e1r\u016f p\u0159edstavuje d\u016fle\u017eit\u00fd krok v jejich spole\u010dn\u00e9m \u017eivot\u011b. N\u011bkter\u00e9 p\u00e1ry d\u00e1vaj\u00ed p\u0159ednost jednodu\u0161\u0161\u00ed svatb\u011b jen se sv\u011bdky, &hellip; <a href=\"https:\/\/www.univel.cz\/hledate-svatebni-saty-ktere-vam-padnou\/\" class=\"more-link\"><span class=\"more-button\">P\u0159e\u010d\u00edst p\u0159\u00edsp\u011bvek<span class=\"screen-reader-text\">Hled\u00e1te svatebn\u00ed \u0161aty, kter\u00e9 v\u00e1m padnou?<\/span><\/span><\/a>","datePublished":"2022-01-16","dateModified":"2023-05-15","author":{"@type":"Person","@id":"https:\/\/www.univel.cz\/author\/#Person","name":"","url":"https:\/\/www.univel.cz\/author\/","identifier":1,"image":{"@type":"ImageObject","@id":"https:\/\/secure.gravatar.com\/avatar\/1fa5b1cbc0125795815d9e30ef12b8bb9be5d358eed11aa2085a8d203d3da2ed?s=96&d=mm&r=g","url":"https:\/\/secure.gravatar.com\/avatar\/1fa5b1cbc0125795815d9e30ef12b8bb9be5d358eed11aa2085a8d203d3da2ed?s=96&d=mm&r=g","height":96,"width":96}},"publisher":{"@type":"Organization","name":"univel.cz","logo":{"@type":"ImageObject","@id":"\/logo.png","url":"\/logo.png","width":600,"height":60}},"image":{"@type":"ImageObject","@id":"https:\/\/www.univel.cz\/wp-content\/uploads\/woman-1486242_1920.jpg","url":"https:\/\/www.univel.cz\/wp-content\/uploads\/woman-1486242_1920.jpg","height":0,"width":0},"url":"https:\/\/www.univel.cz\/hledate-svatebni-saty-ktere-vam-padnou\/","about":["Nakupov\u00e1n\u00ed"],"wordCount":422,"articleBody":"      Svatba pro v\u011bt\u0161inu p\u00e1r\u016f p\u0159edstavuje d\u016fle\u017eit\u00fd krok v jejich spole\u010dn\u00e9m \u017eivot\u011b. N\u011bkter\u00e9 p\u00e1ry d\u00e1vaj\u00ed p\u0159ednost jednodu\u0161\u0161\u00ed svatb\u011b jen se sv\u011bdky, dal\u0161\u00ed tou\u017e\u00ed po velik\u00e9 svatb\u011b, kter\u00e1 bude nezapomenuteln\u00e1 pro jejich rodinu a p\u0159\u00e1tele. Jen m\u00e1lokter\u00e1 \u017eena se nechce o sv\u00e9m svatebn\u00edm dni c\u00edtit jako princezna. \u010cek\u00e1 i v\u00e1s letos va\u0161e svatba, a chce m\u00edt skute\u010dn\u011b kr\u00e1sn\u00fd svatebn\u00ed den se v\u0161\u00edm v\u0161udy? Ur\u010dit\u011b v\u00e1s nemine velk\u00e9 mno\u017estv\u00ed polo\u017eek k vy\u0159\u00edzen\u00ed, aby v\u0161e klaplo tak, jak chcete. Krajkov\u00e9 svatebn\u00ed \u0161aty Svatebni-saty-spolecenske-plesove.cz jsou klasikou, kterou si m\u016f\u017eete obl\u00e9ct na sv\u016fj velk\u00fd den i vy.Krajka je st\u00e1lice mezi \u0161aty ji\u017e hezkou \u0159\u00e1dku let. V\u017edycky p\u016fsobila elegantn\u00edm a luxusn\u00edm dojmem, proto si ji mohly dovolit jen movit\u011bj\u0161\u00ed d\u00e1my. Doba pokro\u010dila, a kr\u00e1sn\u00e9 krajkov\u00e9 \u0161aty si m\u016f\u017eete zakoupit i vy. V na\u0161em salonu jich najdete velk\u00e9 mno\u017estv\u00ed v r\u016fzn\u00fdch proveden\u00edch. Ka\u017ed\u00e1 budouc\u00ed nev\u011bsta m\u00e1 jin\u00e9 p\u0159edstavy, jinou postavu a rozpo\u010det, proto u n\u00e1s najdete velk\u00fd v\u00fdb\u011br \u0161at\u016f, abyste si i vy mohla vybrat ty nejlep\u0161\u00ed pro v\u00e1s.Chcete m\u00edt ok\u00e1zalou svatbu na z\u00e1mku, a to se v\u0161\u00edm v\u0161udy? \u0158e\u0161en\u00edm jsou pro v\u00e1s skute\u010dn\u011b velkolep\u00e9 \u0161aty s dlouhou sukn\u00ed, mo\u017en\u00e1 i se z\u00e1vojem, prokl\u00e1dan\u00e9 krajkov\u00fdmi aplikacemi.Na ok\u00e1zalost si p\u0159\u00edli\u0161 nepotrp\u00edte, a rad\u011bji byste si obl\u00e9kla jednodu\u0161\u0161\u00ed \u0161aty, ale p\u0159esto se krajky nechcete vzd\u00e1t? I pro v\u00e1s m\u00e1me vhodn\u00e9 \u0161aty.P\u0159edem si m\u016f\u017eete pohl\u00e9dnout n\u00e1\u0161 katalog, a vytipovat si \u0161aty, kter\u00e9 v\u00e1m padnou do oka. Spole\u010dn\u011b je vyzkou\u0161\u00edme, zhodnot\u00edme, jak na v\u00e1s vypadaj\u00ed, a spole\u010dn\u011b v\u00e1s obl\u00e9kneme na va\u0161i svatbu. M\u016f\u017eete si od n\u00e1s odn\u00e9st \u0161aty s rozparkem i bez, kr\u00e1tk\u00e9, dlouh\u00e9, ok\u00e1zal\u00e9, i ty jednodu\u0161\u0161\u00ed. M\u016f\u017eete m\u00edt dlouh\u00e9 ruk\u00e1vy, korzet, nebo ram\u00ednka. Krajka m\u016f\u017ee b\u00fdt jen na ruk\u00e1vech, na sukni, nebo t\u0159eba po cel\u00e9 d\u00e9lce \u0161at\u016f. M\u00e1me \u0161aty s jednoduchou krajkou, i tou slo\u017eit\u011bj\u0161\u00ed. Chcete si u\u017e\u00edt svatebn\u00ed p\u0159\u00edpravy, a chcete vybrat \u0161aty, kter\u00e9 v\u00e1m padnou? V na\u0161em salonu jste spr\u00e1vn\u011b.                                                                                                                                                                                                                                                                                                                                                                                          3.3\/5 - (6 votes)        "},{"@context":"https:\/\/schema.org\/","@type":"BreadcrumbList","itemListElement":[{"@type":"ListItem","position":1,"name":"Hled\u00e1te svatebn\u00ed \u0161aty, kter\u00e9 v\u00e1m padnou?","item":"https:\/\/www.univel.cz\/hledate-svatebni-saty-ktere-vam-padnou\/#breadcrumbitem"}]}]