{"@context":"https:\/\/schema.org\/","@type":"CollectionPage","@id":"https:\/\/www.univel.cz\/deti\/#CollectionPage","headline":"D\u011bti Category","description":"","url":"https:\/\/www.univel.cz\/deti\/","hasPart":[{"@type":"Article","@id":"https:\/\/www.univel.cz\/maji-fyzicke-tresty-ve-vychove-deti-misto\/","headline":"Maj\u00ed fyzick\u00e9 tresty ve v\u00fdchov\u011b d\u011bt\u00ed m\u00edsto?","url":"https:\/\/www.univel.cz\/maji-fyzicke-tresty-ve-vychove-deti-misto\/","datePublished":"2022-03-10","dateModified":"2023-05-15","mainEntityOfPage":"https:\/\/www.univel.cz\/maji-fyzicke-tresty-ve-vychove-deti-misto\/","author":{"@type":"Person","@id":"https:\/\/www.univel.cz\/author\/#Person","name":"","url":"https:\/\/www.univel.cz\/author\/","identifier":1,"image":{"@type":"ImageObject","@id":"https:\/\/secure.gravatar.com\/avatar\/1fa5b1cbc0125795815d9e30ef12b8bb9be5d358eed11aa2085a8d203d3da2ed?s=96&d=mm&r=g","url":"https:\/\/secure.gravatar.com\/avatar\/1fa5b1cbc0125795815d9e30ef12b8bb9be5d358eed11aa2085a8d203d3da2ed?s=96&d=mm&r=g","height":96,"width":96}},"publisher":{"@type":"Organization","name":"univel.cz","logo":{"@type":"ImageObject","@id":"\/logo.png","url":"\/logo.png","width":600,"height":60}},"image":{"@type":"ImageObject","@id":"https:\/\/www.univel.cz\/wp-content\/uploads\/dite3.jpg","url":"https:\/\/www.univel.cz\/wp-content\/uploads\/dite3.jpg","height":0,"width":0},"keywords":null},{"@type":"Article","@id":"https:\/\/www.univel.cz\/letni-hrozby-na-obzoru\/","headline":"Letn\u00ed hrozby na obzoru","url":"https:\/\/www.univel.cz\/letni-hrozby-na-obzoru\/","datePublished":"2021-09-21","dateModified":"2023-05-15","mainEntityOfPage":"https:\/\/www.univel.cz\/letni-hrozby-na-obzoru\/","author":{"@type":"Person","@id":"https:\/\/www.univel.cz\/author\/#Person","name":"","url":"https:\/\/www.univel.cz\/author\/","identifier":1,"image":{"@type":"ImageObject","@id":"https:\/\/secure.gravatar.com\/avatar\/1fa5b1cbc0125795815d9e30ef12b8bb9be5d358eed11aa2085a8d203d3da2ed?s=96&d=mm&r=g","url":"https:\/\/secure.gravatar.com\/avatar\/1fa5b1cbc0125795815d9e30ef12b8bb9be5d358eed11aa2085a8d203d3da2ed?s=96&d=mm&r=g","height":96,"width":96}},"publisher":{"@type":"Organization","name":"univel.cz","logo":{"@type":"ImageObject","@id":"\/logo.png","url":"\/logo.png","width":600,"height":60}},"image":{"@type":"ImageObject","@id":"https:\/\/www.univel.cz\/wp-content\/uploads\/first-aid-kit-62643_640.jpg","url":"https:\/\/www.univel.cz\/wp-content\/uploads\/first-aid-kit-62643_640.jpg","height":0,"width":0},"keywords":null},{"@type":"Article","@id":"https:\/\/www.univel.cz\/jak-si-uzit-vanoce-s-detmi\/","headline":"Jak si u\u017e\u00edt V\u00e1noce s d\u011btmi","url":"https:\/\/www.univel.cz\/jak-si-uzit-vanoce-s-detmi\/","datePublished":"2019-11-03","dateModified":"2023-05-15","mainEntityOfPage":"https:\/\/www.univel.cz\/jak-si-uzit-vanoce-s-detmi\/","author":{"@type":"Person","@id":"https:\/\/www.univel.cz\/author\/#Person","name":"","url":"https:\/\/www.univel.cz\/author\/","identifier":1,"image":{"@type":"ImageObject","@id":"https:\/\/secure.gravatar.com\/avatar\/1fa5b1cbc0125795815d9e30ef12b8bb9be5d358eed11aa2085a8d203d3da2ed?s=96&d=mm&r=g","url":"https:\/\/secure.gravatar.com\/avatar\/1fa5b1cbc0125795815d9e30ef12b8bb9be5d358eed11aa2085a8d203d3da2ed?s=96&d=mm&r=g","height":96,"width":96}},"publisher":{"@type":"Organization","name":"univel.cz","logo":{"@type":"ImageObject","@id":"\/logo.png","url":"\/logo.png","width":600,"height":60}},"image":{"@type":"ImageObject","@id":"https:\/\/www.univel.cz\/wp-content\/uploads\/img_a361064_w3676_t1574530793.jpg","url":"https:\/\/www.univel.cz\/wp-content\/uploads\/img_a361064_w3676_t1574530793.jpg","height":0,"width":0},"keywords":null}]}